{"id":1095,"date":"2010-05-05T18:39:00","date_gmt":"2010-05-05T16:39:00","guid":{"rendered":"http:\/\/www.caritasbaribitonto.it\/public\/home\/?p=1095"},"modified":"2010-05-05T18:41:45","modified_gmt":"2010-05-05T16:41:45","slug":"una-chiesa-viva-domenica-9-maggio-2010","status":"publish","type":"post","link":"https:\/\/www.caritasbaribitonto.it\/public\/home\/2010\/05\/una-chiesa-viva-domenica-9-maggio-2010\/","title":{"rendered":"Una Chiesa Viva &#8211; Domenica 9 Maggio 2010"},"content":{"rendered":"<p><img loading=\"lazy\" decoding=\"async\" class=\"alignleft\" src=\"http:\/\/www.lachiesa.it\/liturgia\/allegati\/icone\/CP060.jpg\" alt=\"\" width=\"118\" height=\"170\" \/><span style=\"color: #993300;\"><em><br \/>\n<strong> + Dal Vangelo secondo Giovanni <\/strong><\/em><strong><em>(Gv 14,23-29)<\/em><\/strong><\/span><\/p>\n<p><span style=\"color: #993300;\"><em>In quel tempo, Ges\u00f9 disse :<br \/>\n\u00abSe uno mi ama, osserver\u00e0 la mia parola e il Padre mio lo amer\u00e0 e noi verremo a lui e prenderemo dimora presso di lui. Chi non mi ama, non osserva le mie parole; e la parola che voi ascoltate non \u00e8 mia, ma del Padre che mi ha mandato.<br \/>\nVi ho detto queste cose mentre sono ancora presso di voi. Ma il Par\u00e0clito, lo Spirito Santo che il Padre mander\u00e0 nel mio nome, lui vi insegner\u00e0 ogni cosa e vi ricorder\u00e0 tutto ci\u00f2 che io vi ho detto.<br \/>\nVi lascio la pace, vi do la mia pace. Non come la d\u00e0 il mondo, io la do a voi. Non sia turbato il vostro cuore e non abbia timore.<br \/>\nAvete udito che vi ho detto: \u201cVado e torner\u00f2 da voi\u201d. Se mi amaste, vi rallegrereste che io vado al Padre, perch\u00e9 il Padre \u00e8 pi\u00f9 grande di me. Ve l\u2019ho detto ora, prima che avvenga, perch\u00e9, quando avverr\u00e0, voi crediate\u00bb.<\/em><\/span><\/p>\n<p>Costruire una comunit\u00e0 appare spesso facile. Le tante strutture che spesso fanno da contorno alla vita delle nostre sembrano essere cos\u00ec perfette da non ricercare qualcosa di nuovo. Invece \u2026 tante di esse sono chiuse e spesso maleodoranti. E\u2019 vero anche che in altrettante si assapora la gioia della convivialit\u00e0 e della corresponsabilit\u00e0.<br \/>\nNon basta essere semplici aderenti, n\u00e9 basta essere frequentanti per poter vivere l\u2019esperienza della novit\u00e0 della Chiesa. Essa richiede il costante impegno a non tradire ci\u00f2 che Ges\u00f9 ha indicato e affermato sia nella sua esperienza pre-pasquale, sia in quella post-pasquale. Lasciarsi plasmare dallo Spirito, significa preoccuparsi di costruire comunit\u00e0 attive sul fronte della pace e dell\u2019amore e non rintanarsi nei luoghi angusti delle convenzioni di una sterile evangelizzazione.<br \/>\nL\u2019appello dei vescovi italiani perch\u00e8 le comunit\u00e0 cristiane, soprattutto del Sud Italia, mostrino il loro dissenso verso le mafie, il loro impegno a progettare il lavoro, la loro dinamicit\u00e0 nel creare nuovi percorsi di evangelizzazione ci stimolano ancora di pi\u00f9 ad essere operatori di pace e di giustizia<br \/>\nSe vogliamo costruire un mondo migliore, far tornare la pace in mezzo a noi, dobbiamo costruire comunit\u00e0 di pace che diano la dignit\u00e0 a tutti e impegnarsi, soprattutto, per non lasciare nella precariet\u00e0 chi \u00e8 uno sfruttato o un dimenticato.<br \/>\nEssere cristiani significa stare dalla parte delle donne, degli immigrati, dei portatori di handicap, degli anziani, degli ammalati, dei senza fissa dimora, dei deboli, dei carcerati. In altri termini dalla parte di tutti coloro per i quali non c\u2019\u00e8 spazio in un mondo che vive solo per produrre.<br \/>\nEssere comunit\u00e0 cristiana operatrice di pace significa realizzare di camminare a fianco dei deboli, scegliendo la loro causa e non lasciando che il vangelo sia confuso con una carta della solidariet\u00e0.<\/p>\n<p>Occorre capovolgere le nostre convinzioni, le nostre idee, i nostri modi di vivere per una \u201cchiesa viva\u201d che faccia riavvicinare anche chi \u00e8 lontano o chi testardamente esclude il Ges\u00f9 dalle mani bucate.<\/p>\n<p>Il Direttore<\/p>\n<p>Don Antonio Ruccia<\/p>\n","protected":false},"excerpt":{"rendered":"<p>+ Dal Vangelo secondo Giovanni (Gv 14,23-29) In quel tempo, Ges\u00f9 disse : \u00abSe uno mi ama, osserver\u00e0 la mia [&hellip;]<\/p>\n","protected":false},"author":1,"featured_media":0,"comment_status":"closed","ping_status":"open","sticky":false,"template":"","format":"standard","meta":{"_uag_custom_page_level_css":"","site-sidebar-layout":"default","site-content-layout":"","ast-site-content-layout":"default","site-content-style":"default","site-sidebar-style":"default","ast-global-header-display":"","ast-banner-title-visibility":"","ast-main-header-display":"","ast-hfb-above-header-display":"","ast-hfb-below-header-display":"","ast-hfb-mobile-header-display":"","site-post-title":"","ast-breadcrumbs-content":"","ast-featured-img":"","footer-sml-layout":"","theme-transparent-header-meta":"","adv-header-id-meta":"","stick-header-meta":"","header-above-stick-meta":"","header-main-stick-meta":"","header-below-stick-meta":"","astra-migrate-meta-layouts":"default","ast-page-background-enabled":"default","ast-page-background-meta":{"desktop":{"background-color":"var(--ast-global-color-5)","background-image":"","background-repeat":"repeat","background-position":"center center","background-size":"auto","background-attachment":"scroll","background-type":"","background-media":"","overlay-type":"","overlay-color":"","overlay-opacity":"","overlay-gradient":""},"tablet":{"background-color":"","background-image":"","background-repeat":"repeat","background-position":"center center","background-size":"auto","background-attachment":"scroll","background-type":"","background-media":"","overlay-type":"","overlay-color":"","overlay-opacity":"","overlay-gradient":""},"mobile":{"background-color":"","background-image":"","background-repeat":"repeat","background-position":"center center","background-size":"auto","background-attachment":"scroll","background-type":"","background-media":"","overlay-type":"","overlay-color":"","overlay-opacity":"","overlay-gradient":""}},"ast-content-background-meta":{"desktop":{"background-color":"var(--ast-global-color-4)","background-image":"","background-repeat":"repeat","background-position":"center center","background-size":"auto","background-attachment":"scroll","background-type":"","background-media":"","overlay-type":"","overlay-color":"","overlay-opacity":"","overlay-gradient":""},"tablet":{"background-color":"var(--ast-global-color-4)","background-image":"","background-repeat":"repeat","background-position":"center center","background-size":"auto","background-attachment":"scroll","background-type":"","background-media":"","overlay-type":"","overlay-color":"","overlay-opacity":"","overlay-gradient":""},"mobile":{"background-color":"var(--ast-global-color-4)","background-image":"","background-repeat":"repeat","background-position":"center center","background-size":"auto","background-attachment":"scroll","background-type":"","background-media":"","overlay-type":"","overlay-color":"","overlay-opacity":"","overlay-gradient":""}},"footnotes":""},"categories":[20],"tags":[35,48,62],"class_list":["post-1095","post","type-post","status-publish","format-standard","hentry","category-commenti-vangelo","tag-commento-al-vangelo","tag-commento-al-vangelo-domenicale","tag-vangelo-domenicale"],"gutentor_comment":0,"yoast_head":"<!-- This site is optimized with the Yoast SEO plugin v26.8 - https:\/\/yoast.com\/product\/yoast-seo-wordpress\/ -->\r\n<title>Una Chiesa Viva - Domenica 9 Maggio 2010 - Caritas Diocesana Bari-Bitonto<\/title>\r\n<meta name=\"robots\" content=\"index, follow, max-snippet:-1, max-image-preview:large, max-video-preview:-1\" \/>\r\n<link rel=\"canonical\" href=\"https:\/\/www.caritasbaribitonto.it\/public\/home\/2010\/05\/una-chiesa-viva-domenica-9-maggio-2010\/\" \/>\r\n<meta property=\"og:locale\" content=\"it_IT\" \/>\r\n<meta property=\"og:type\" content=\"article\" \/>\r\n<meta property=\"og:title\" content=\"Una Chiesa Viva - Domenica 9 Maggio 2010 - Caritas Diocesana Bari-Bitonto\" \/>\r\n<meta property=\"og:description\" content=\"+ Dal Vangelo secondo Giovanni (Gv 14,23-29) In quel tempo, Ges\u00f9 disse : \u00abSe uno mi ama, osserver\u00e0 la mia [&hellip;]\" \/>\r\n<meta property=\"og:url\" content=\"https:\/\/www.caritasbaribitonto.it\/public\/home\/2010\/05\/una-chiesa-viva-domenica-9-maggio-2010\/\" \/>\r\n<meta property=\"og:site_name\" content=\"Caritas Diocesana Bari-Bitonto\" \/>\r\n<meta property=\"article:publisher\" content=\"https:\/\/www.facebook.com\/pages\/Caritas-Diocesana-Bari-Bitonto\/533981476753770\" \/>\r\n<meta property=\"article:published_time\" content=\"2010-05-05T16:39:00+00:00\" \/>\r\n<meta property=\"article:modified_time\" content=\"2010-05-05T16:41:45+00:00\" \/>\r\n<meta property=\"og:image\" content=\"http:\/\/www.lachiesa.it\/liturgia\/allegati\/icone\/CP060.jpg\" \/>\r\n<meta name=\"author\" content=\"Giovanni Caputo\" \/>\r\n<meta name=\"twitter:card\" content=\"summary_large_image\" \/>\r\n<meta name=\"twitter:label1\" content=\"Scritto da\" \/>\n\t<meta name=\"twitter:data1\" content=\"Giovanni Caputo\" \/>\n\t<meta name=\"twitter:label2\" content=\"Tempo di lettura stimato\" \/>\n\t<meta name=\"twitter:data2\" content=\"2 minuti\" \/>\r\n<script type=\"application\/ld+json\" class=\"yoast-schema-graph\">{\"@context\":\"https:\/\/schema.org\",\"@graph\":[{\"@type\":\"Article\",\"@id\":\"https:\/\/www.caritasbaribitonto.it\/public\/home\/2010\/05\/una-chiesa-viva-domenica-9-maggio-2010\/#article\",\"isPartOf\":{\"@id\":\"https:\/\/www.caritasbaribitonto.it\/public\/home\/2010\/05\/una-chiesa-viva-domenica-9-maggio-2010\/\"},\"author\":{\"name\":\"Giovanni Caputo\",\"@id\":\"https:\/\/www.caritasbaribitonto.it\/public\/home\/#\/schema\/person\/06b333402b70fdadb662b68974e8c97a\"},\"headline\":\"Una Chiesa Viva &#8211; Domenica 9 Maggio 2010\",\"datePublished\":\"2010-05-05T16:39:00+00:00\",\"dateModified\":\"2010-05-05T16:41:45+00:00\",\"mainEntityOfPage\":{\"@id\":\"https:\/\/www.caritasbaribitonto.it\/public\/home\/2010\/05\/una-chiesa-viva-domenica-9-maggio-2010\/\"},\"wordCount\":504,\"publisher\":{\"@id\":\"https:\/\/www.caritasbaribitonto.it\/public\/home\/#organization\"},\"image\":{\"@id\":\"https:\/\/www.caritasbaribitonto.it\/public\/home\/2010\/05\/una-chiesa-viva-domenica-9-maggio-2010\/#primaryimage\"},\"thumbnailUrl\":\"http:\/\/www.lachiesa.it\/liturgia\/allegati\/icone\/CP060.jpg\",\"keywords\":[\"commento al vangelo\",\"commento al vangelo domenicale\",\"vangelo domenicale\"],\"articleSection\":[\"Commenti Vangelo\"],\"inLanguage\":\"it-IT\"},{\"@type\":\"WebPage\",\"@id\":\"https:\/\/www.caritasbaribitonto.it\/public\/home\/2010\/05\/una-chiesa-viva-domenica-9-maggio-2010\/\",\"url\":\"https:\/\/www.caritasbaribitonto.it\/public\/home\/2010\/05\/una-chiesa-viva-domenica-9-maggio-2010\/\",\"name\":\"Una Chiesa Viva - Domenica 9 Maggio 2010 - Caritas Diocesana Bari-Bitonto\",\"isPartOf\":{\"@id\":\"https:\/\/www.caritasbaribitonto.it\/public\/home\/#website\"},\"primaryImageOfPage\":{\"@id\":\"https:\/\/www.caritasbaribitonto.it\/public\/home\/2010\/05\/una-chiesa-viva-domenica-9-maggio-2010\/#primaryimage\"},\"image\":{\"@id\":\"https:\/\/www.caritasbaribitonto.it\/public\/home\/2010\/05\/una-chiesa-viva-domenica-9-maggio-2010\/#primaryimage\"},\"thumbnailUrl\":\"http:\/\/www.lachiesa.it\/liturgia\/allegati\/icone\/CP060.jpg\",\"datePublished\":\"2010-05-05T16:39:00+00:00\",\"dateModified\":\"2010-05-05T16:41:45+00:00\",\"breadcrumb\":{\"@id\":\"https:\/\/www.caritasbaribitonto.it\/public\/home\/2010\/05\/una-chiesa-viva-domenica-9-maggio-2010\/#breadcrumb\"},\"inLanguage\":\"it-IT\",\"potentialAction\":[{\"@type\":\"ReadAction\",\"target\":[\"https:\/\/www.caritasbaribitonto.it\/public\/home\/2010\/05\/una-chiesa-viva-domenica-9-maggio-2010\/\"]}]},{\"@type\":\"ImageObject\",\"inLanguage\":\"it-IT\",\"@id\":\"https:\/\/www.caritasbaribitonto.it\/public\/home\/2010\/05\/una-chiesa-viva-domenica-9-maggio-2010\/#primaryimage\",\"url\":\"http:\/\/www.lachiesa.it\/liturgia\/allegati\/icone\/CP060.jpg\",\"contentUrl\":\"http:\/\/www.lachiesa.it\/liturgia\/allegati\/icone\/CP060.jpg\"},{\"@type\":\"BreadcrumbList\",\"@id\":\"https:\/\/www.caritasbaribitonto.it\/public\/home\/2010\/05\/una-chiesa-viva-domenica-9-maggio-2010\/#breadcrumb\",\"itemListElement\":[{\"@type\":\"ListItem\",\"position\":1,\"name\":\"Home\",\"item\":\"https:\/\/www.caritasbaribitonto.it\/public\/home\/\"},{\"@type\":\"ListItem\",\"position\":2,\"name\":\"Una Chiesa Viva &#8211; Domenica 9 Maggio 2010\"}]},{\"@type\":\"WebSite\",\"@id\":\"https:\/\/www.caritasbaribitonto.it\/public\/home\/#website\",\"url\":\"https:\/\/www.caritasbaribitonto.it\/public\/home\/\",\"name\":\"Caritas Diocesana Bari-Bitonto\",\"description\":\"I santi della porta accanto\",\"publisher\":{\"@id\":\"https:\/\/www.caritasbaribitonto.it\/public\/home\/#organization\"},\"potentialAction\":[{\"@type\":\"SearchAction\",\"target\":{\"@type\":\"EntryPoint\",\"urlTemplate\":\"https:\/\/www.caritasbaribitonto.it\/public\/home\/?s={search_term_string}\"},\"query-input\":{\"@type\":\"PropertyValueSpecification\",\"valueRequired\":true,\"valueName\":\"search_term_string\"}}],\"inLanguage\":\"it-IT\"},{\"@type\":\"Organization\",\"@id\":\"https:\/\/www.caritasbaribitonto.it\/public\/home\/#organization\",\"name\":\"Caritas Diocesana Bari-Bitonto\",\"url\":\"https:\/\/www.caritasbaribitonto.it\/public\/home\/\",\"logo\":{\"@type\":\"ImageObject\",\"inLanguage\":\"it-IT\",\"@id\":\"https:\/\/www.caritasbaribitonto.it\/public\/home\/#\/schema\/logo\/image\/\",\"url\":\"https:\/\/www.caritasbaribitonto.it\/public\/home\/img\/uploads\/2025\/02\/cropped-cropped-caritas2025_350x112.png\",\"contentUrl\":\"https:\/\/www.caritasbaribitonto.it\/public\/home\/img\/uploads\/2025\/02\/cropped-cropped-caritas2025_350x112.png\",\"width\":350,\"height\":112,\"caption\":\"Caritas Diocesana Bari-Bitonto\"},\"image\":{\"@id\":\"https:\/\/www.caritasbaribitonto.it\/public\/home\/#\/schema\/logo\/image\/\"},\"sameAs\":[\"https:\/\/www.facebook.com\/pages\/Caritas-Diocesana-Bari-Bitonto\/533981476753770\"]},{\"@type\":\"Person\",\"@id\":\"https:\/\/www.caritasbaribitonto.it\/public\/home\/#\/schema\/person\/06b333402b70fdadb662b68974e8c97a\",\"name\":\"Giovanni Caputo\",\"image\":{\"@type\":\"ImageObject\",\"inLanguage\":\"it-IT\",\"@id\":\"https:\/\/www.caritasbaribitonto.it\/public\/home\/#\/schema\/person\/image\/\",\"url\":\"https:\/\/secure.gravatar.com\/avatar\/6c7e9d4e1e2394bfa4e38377bd0b5e03cbf0c79e27918e6497d3f408f89d0d3b?s=96&d=identicon&r=g\",\"contentUrl\":\"https:\/\/secure.gravatar.com\/avatar\/6c7e9d4e1e2394bfa4e38377bd0b5e03cbf0c79e27918e6497d3f408f89d0d3b?s=96&d=identicon&r=g\",\"caption\":\"Giovanni Caputo\"},\"url\":\"https:\/\/www.caritasbaribitonto.it\/public\/home\/author\/admin\/\"}]}<\/script>\r\n<!-- \/ Yoast SEO plugin. -->","yoast_head_json":{"title":"Una Chiesa Viva - Domenica 9 Maggio 2010 - Caritas Diocesana Bari-Bitonto","robots":{"index":"index","follow":"follow","max-snippet":"max-snippet:-1","max-image-preview":"max-image-preview:large","max-video-preview":"max-video-preview:-1"},"canonical":"https:\/\/www.caritasbaribitonto.it\/public\/home\/2010\/05\/una-chiesa-viva-domenica-9-maggio-2010\/","og_locale":"it_IT","og_type":"article","og_title":"Una Chiesa Viva - Domenica 9 Maggio 2010 - Caritas Diocesana Bari-Bitonto","og_description":"+ Dal Vangelo secondo Giovanni (Gv 14,23-29) In quel tempo, Ges\u00f9 disse : \u00abSe uno mi ama, osserver\u00e0 la mia [&hellip;]","og_url":"https:\/\/www.caritasbaribitonto.it\/public\/home\/2010\/05\/una-chiesa-viva-domenica-9-maggio-2010\/","og_site_name":"Caritas Diocesana Bari-Bitonto","article_publisher":"https:\/\/www.facebook.com\/pages\/Caritas-Diocesana-Bari-Bitonto\/533981476753770","article_published_time":"2010-05-05T16:39:00+00:00","article_modified_time":"2010-05-05T16:41:45+00:00","og_image":[{"url":"http:\/\/www.lachiesa.it\/liturgia\/allegati\/icone\/CP060.jpg","type":"","width":"","height":""}],"author":"Giovanni Caputo","twitter_card":"summary_large_image","twitter_misc":{"Scritto da":"Giovanni Caputo","Tempo di lettura stimato":"2 minuti"},"schema":{"@context":"https:\/\/schema.org","@graph":[{"@type":"Article","@id":"https:\/\/www.caritasbaribitonto.it\/public\/home\/2010\/05\/una-chiesa-viva-domenica-9-maggio-2010\/#article","isPartOf":{"@id":"https:\/\/www.caritasbaribitonto.it\/public\/home\/2010\/05\/una-chiesa-viva-domenica-9-maggio-2010\/"},"author":{"name":"Giovanni Caputo","@id":"https:\/\/www.caritasbaribitonto.it\/public\/home\/#\/schema\/person\/06b333402b70fdadb662b68974e8c97a"},"headline":"Una Chiesa Viva &#8211; Domenica 9 Maggio 2010","datePublished":"2010-05-05T16:39:00+00:00","dateModified":"2010-05-05T16:41:45+00:00","mainEntityOfPage":{"@id":"https:\/\/www.caritasbaribitonto.it\/public\/home\/2010\/05\/una-chiesa-viva-domenica-9-maggio-2010\/"},"wordCount":504,"publisher":{"@id":"https:\/\/www.caritasbaribitonto.it\/public\/home\/#organization"},"image":{"@id":"https:\/\/www.caritasbaribitonto.it\/public\/home\/2010\/05\/una-chiesa-viva-domenica-9-maggio-2010\/#primaryimage"},"thumbnailUrl":"http:\/\/www.lachiesa.it\/liturgia\/allegati\/icone\/CP060.jpg","keywords":["commento al vangelo","commento al vangelo domenicale","vangelo domenicale"],"articleSection":["Commenti Vangelo"],"inLanguage":"it-IT"},{"@type":"WebPage","@id":"https:\/\/www.caritasbaribitonto.it\/public\/home\/2010\/05\/una-chiesa-viva-domenica-9-maggio-2010\/","url":"https:\/\/www.caritasbaribitonto.it\/public\/home\/2010\/05\/una-chiesa-viva-domenica-9-maggio-2010\/","name":"Una Chiesa Viva - Domenica 9 Maggio 2010 - Caritas Diocesana Bari-Bitonto","isPartOf":{"@id":"https:\/\/www.caritasbaribitonto.it\/public\/home\/#website"},"primaryImageOfPage":{"@id":"https:\/\/www.caritasbaribitonto.it\/public\/home\/2010\/05\/una-chiesa-viva-domenica-9-maggio-2010\/#primaryimage"},"image":{"@id":"https:\/\/www.caritasbaribitonto.it\/public\/home\/2010\/05\/una-chiesa-viva-domenica-9-maggio-2010\/#primaryimage"},"thumbnailUrl":"http:\/\/www.lachiesa.it\/liturgia\/allegati\/icone\/CP060.jpg","datePublished":"2010-05-05T16:39:00+00:00","dateModified":"2010-05-05T16:41:45+00:00","breadcrumb":{"@id":"https:\/\/www.caritasbaribitonto.it\/public\/home\/2010\/05\/una-chiesa-viva-domenica-9-maggio-2010\/#breadcrumb"},"inLanguage":"it-IT","potentialAction":[{"@type":"ReadAction","target":["https:\/\/www.caritasbaribitonto.it\/public\/home\/2010\/05\/una-chiesa-viva-domenica-9-maggio-2010\/"]}]},{"@type":"ImageObject","inLanguage":"it-IT","@id":"https:\/\/www.caritasbaribitonto.it\/public\/home\/2010\/05\/una-chiesa-viva-domenica-9-maggio-2010\/#primaryimage","url":"http:\/\/www.lachiesa.it\/liturgia\/allegati\/icone\/CP060.jpg","contentUrl":"http:\/\/www.lachiesa.it\/liturgia\/allegati\/icone\/CP060.jpg"},{"@type":"BreadcrumbList","@id":"https:\/\/www.caritasbaribitonto.it\/public\/home\/2010\/05\/una-chiesa-viva-domenica-9-maggio-2010\/#breadcrumb","itemListElement":[{"@type":"ListItem","position":1,"name":"Home","item":"https:\/\/www.caritasbaribitonto.it\/public\/home\/"},{"@type":"ListItem","position":2,"name":"Una Chiesa Viva &#8211; Domenica 9 Maggio 2010"}]},{"@type":"WebSite","@id":"https:\/\/www.caritasbaribitonto.it\/public\/home\/#website","url":"https:\/\/www.caritasbaribitonto.it\/public\/home\/","name":"Caritas Diocesana Bari-Bitonto","description":"I santi della porta accanto","publisher":{"@id":"https:\/\/www.caritasbaribitonto.it\/public\/home\/#organization"},"potentialAction":[{"@type":"SearchAction","target":{"@type":"EntryPoint","urlTemplate":"https:\/\/www.caritasbaribitonto.it\/public\/home\/?s={search_term_string}"},"query-input":{"@type":"PropertyValueSpecification","valueRequired":true,"valueName":"search_term_string"}}],"inLanguage":"it-IT"},{"@type":"Organization","@id":"https:\/\/www.caritasbaribitonto.it\/public\/home\/#organization","name":"Caritas Diocesana Bari-Bitonto","url":"https:\/\/www.caritasbaribitonto.it\/public\/home\/","logo":{"@type":"ImageObject","inLanguage":"it-IT","@id":"https:\/\/www.caritasbaribitonto.it\/public\/home\/#\/schema\/logo\/image\/","url":"https:\/\/www.caritasbaribitonto.it\/public\/home\/img\/uploads\/2025\/02\/cropped-cropped-caritas2025_350x112.png","contentUrl":"https:\/\/www.caritasbaribitonto.it\/public\/home\/img\/uploads\/2025\/02\/cropped-cropped-caritas2025_350x112.png","width":350,"height":112,"caption":"Caritas Diocesana Bari-Bitonto"},"image":{"@id":"https:\/\/www.caritasbaribitonto.it\/public\/home\/#\/schema\/logo\/image\/"},"sameAs":["https:\/\/www.facebook.com\/pages\/Caritas-Diocesana-Bari-Bitonto\/533981476753770"]},{"@type":"Person","@id":"https:\/\/www.caritasbaribitonto.it\/public\/home\/#\/schema\/person\/06b333402b70fdadb662b68974e8c97a","name":"Giovanni Caputo","image":{"@type":"ImageObject","inLanguage":"it-IT","@id":"https:\/\/www.caritasbaribitonto.it\/public\/home\/#\/schema\/person\/image\/","url":"https:\/\/secure.gravatar.com\/avatar\/6c7e9d4e1e2394bfa4e38377bd0b5e03cbf0c79e27918e6497d3f408f89d0d3b?s=96&d=identicon&r=g","contentUrl":"https:\/\/secure.gravatar.com\/avatar\/6c7e9d4e1e2394bfa4e38377bd0b5e03cbf0c79e27918e6497d3f408f89d0d3b?s=96&d=identicon&r=g","caption":"Giovanni Caputo"},"url":"https:\/\/www.caritasbaribitonto.it\/public\/home\/author\/admin\/"}]}},"jetpack_featured_media_url":"","uagb_featured_image_src":{"full":false,"thumbnail":false,"medium":false,"medium_large":false,"large":false,"1536x1536":false,"2048x2048":false},"uagb_author_info":{"display_name":"Giovanni Caputo","author_link":"https:\/\/www.caritasbaribitonto.it\/public\/home\/author\/admin\/"},"uagb_comment_info":0,"uagb_excerpt":"+ Dal Vangelo secondo Giovanni (Gv 14,23-29) In quel tempo, Ges\u00f9 disse : \u00abSe uno mi ama, osserver\u00e0 la mia [&hellip;]","_links":{"self":[{"href":"https:\/\/www.caritasbaribitonto.it\/public\/home\/wp-json\/wp\/v2\/posts\/1095","targetHints":{"allow":["GET"]}}],"collection":[{"href":"https:\/\/www.caritasbaribitonto.it\/public\/home\/wp-json\/wp\/v2\/posts"}],"about":[{"href":"https:\/\/www.caritasbaribitonto.it\/public\/home\/wp-json\/wp\/v2\/types\/post"}],"author":[{"embeddable":true,"href":"https:\/\/www.caritasbaribitonto.it\/public\/home\/wp-json\/wp\/v2\/users\/1"}],"replies":[{"embeddable":true,"href":"https:\/\/www.caritasbaribitonto.it\/public\/home\/wp-json\/wp\/v2\/comments?post=1095"}],"version-history":[{"count":0,"href":"https:\/\/www.caritasbaribitonto.it\/public\/home\/wp-json\/wp\/v2\/posts\/1095\/revisions"}],"wp:attachment":[{"href":"https:\/\/www.caritasbaribitonto.it\/public\/home\/wp-json\/wp\/v2\/media?parent=1095"}],"wp:term":[{"taxonomy":"category","embeddable":true,"href":"https:\/\/www.caritasbaribitonto.it\/public\/home\/wp-json\/wp\/v2\/categories?post=1095"},{"taxonomy":"post_tag","embeddable":true,"href":"https:\/\/www.caritasbaribitonto.it\/public\/home\/wp-json\/wp\/v2\/tags?post=1095"}],"curies":[{"name":"wp","href":"https:\/\/api.w.org\/{rel}","templated":true}]}}